{"id":414,"date":"2012-09-28T07:00:05","date_gmt":"2012-09-28T05:00:05","guid":{"rendered":"http:\/\/www.k-engelhardt.de\/wahnsinn\/?p=414"},"modified":"2012-10-22T21:46:34","modified_gmt":"2012-10-22T19:46:34","slug":"internetverbot-fuer-fotos-1-fotografieren-verboten-rueckfall-in-die-steinzeit","status":"publish","type":"post","link":"https:\/\/k-engelhardt.de\/wahnsinn\/2012\/09\/internetverbot-fuer-fotos-1-fotografieren-verboten-rueckfall-in-die-steinzeit\/","title":{"rendered":"Internetverbot f\u00fcr Fotos #1 &#8211; Fotografieren verboten \u2013 R\u00fcckfall in die Steinzeit?"},"content":{"rendered":"<p><img loading=\"lazy\" decoding=\"async\" class=\"aligncenter size-full wp-image-417\" title=\"Internet-Fotoverbot\" src=\"http:\/\/www.k-engelhardt.de\/wahnsinn\/wp-content\/uploads\/2012\/09\/Internet-Fotoverbot.jpg\" alt=\"\" width=\"620\" height=\"181\" srcset=\"https:\/\/k-engelhardt.de\/wahnsinn\/wp-content\/uploads\/2012\/09\/Internet-Fotoverbot.jpg 620w, https:\/\/k-engelhardt.de\/wahnsinn\/wp-content\/uploads\/2012\/09\/Internet-Fotoverbot-300x87.jpg 300w\" sizes=\"auto, (max-width: 620px) 100vw, 620px\" \/><\/p>\n<p>&nbsp;<\/p>\n<h3><strong>Montag, 13. 08. 2018<\/strong><\/h3>\n<p>Der Bundespr\u00e4sident unterschreibt nach gr\u00fcndlicher Pr\u00fcfung und mit erheblichen Bauchschmerzen die folgenden mit \u00fcberw\u00e4ltigender Mehrheit vom Deutschen Bundestag verabschiedeten Gesetze:<\/p>\n<ol>\n<li>Das <strong>G<\/strong>esetz \u00fcber den geordneten <strong>Um<\/strong>gang mit <strong>F<\/strong>otos im <strong>I<\/strong>nternet, das\u00a0 GUMFI-Ges sowie<\/li>\n<li>das Gesetz \u00fcber die <strong>P<\/strong>flicht zum <strong>v<\/strong>erantwortungsvollen <strong>U<\/strong>mgang mit der medialen Pr\u00e4senz im <strong>I<\/strong>nternet, das PvUI-Ges, das von den Piraten sofort als \u201ePfui-Gesetz\u201c diffamiert wird.<\/li>\n<\/ol>\n<p>Jeder B\u00fcrger hat drei Monate Zeit, von der neu einzurichtenden Beh\u00f6rde EEA, die <strong>E<\/strong>rfassungsbeh\u00f6rde f\u00fcr <strong>e<\/strong>lektronische <strong>A<\/strong>ufnahmen, s\u00e4mtliche Ger\u00e4te mit Kamera- und Videofunktion mit einer Nummer und einem digitalen Fingerabdruck versehen und bei der EEA registrieren zu lassen.<\/p>\n<p>Nach einem Jahr m\u00fcssen s\u00e4mtliche Kameras unl\u00f6schbar auf jedem Foto oder Video die Registriernummer und Aufnahmedaten speichern. \u00c4ltere Kameras d\u00fcrfen noch in einer \u00dcbergangszeit benutzt werden. Gegen eine geringe Geb\u00fchr werden die Fotos von der EEA den neuen gesetzlichen Anforderungen angepasst.<\/p>\n<p>Bei Verst\u00f6\u00dfen gegen beide Gesetze drohen Kamera-, Handy- und Internetverbot f\u00fcr die Eigent\u00fcmer.<\/p>\n<p>Was ist passiert?<\/p>\n<p><a href=\"http:\/\/www.k-engelhardt.de\/wahnsinn\/?p=426\"><strong><em>Hier geht\u00b4s am 05.10.2012 weiter<\/em><\/strong><\/a><\/p>\n","protected":false},"excerpt":{"rendered":"<p>&nbsp; Montag, 13. 08. 2018 Der Bundespr\u00e4sident unterschreibt nach gr\u00fcndlicher Pr\u00fcfung und mit erheblichen Bauchschmerzen die folgenden mit \u00fcberw\u00e4ltigender Mehrheit vom Deutschen Bundestag verabschiedeten Gesetze: Das Gesetz \u00fcber den geordneten Umgang mit Fotos im Internet, das\u00a0 GUMFI-Ges sowie das Gesetz \u00fcber die Pflicht zum verantwortungsvollen Umgang mit der medialen Pr\u00e4senz im Internet, das PvUI-Ges, das von den Piraten sofort als \u201ePfui-Gesetz\u201c diffamiert wird. Jeder B\u00fcrger hat drei Monate Zeit, von der neu einzurichtenden Beh\u00f6rde EEA, die Erfassungsbeh\u00f6rde f\u00fcr elektronische Aufnahmen,&#8230;<\/p>\n<p class=\"read-more\"><a class=\"btn btn-default\" href=\"https:\/\/k-engelhardt.de\/wahnsinn\/2012\/09\/internetverbot-fuer-fotos-1-fotografieren-verboten-rueckfall-in-die-steinzeit\/\">Weiterlesen<span class=\"screen-reader-text\"> Weiterlesen<\/span><\/a><\/p>\n","protected":false},"author":1,"featured_media":0,"comment_status":"open","ping_status":"open","sticky":false,"template":"","format":"standard","meta":{"footnotes":""},"categories":[4],"tags":[],"class_list":["post-414","post","type-post","status-publish","format-standard","hentry","category-chronik-eines-zeitreisenden"],"aioseo_notices":[],"_links":{"self":[{"href":"https:\/\/k-engelhardt.de\/wahnsinn\/wp-json\/wp\/v2\/posts\/414","targetHints":{"allow":["GET"]}}],"collection":[{"href":"https:\/\/k-engelhardt.de\/wahnsinn\/wp-json\/wp\/v2\/posts"}],"about":[{"href":"https:\/\/k-engelhardt.de\/wahnsinn\/wp-json\/wp\/v2\/types\/post"}],"author":[{"embeddable":true,"href":"https:\/\/k-engelhardt.de\/wahnsinn\/wp-json\/wp\/v2\/users\/1"}],"replies":[{"embeddable":true,"href":"https:\/\/k-engelhardt.de\/wahnsinn\/wp-json\/wp\/v2\/comments?post=414"}],"version-history":[{"count":16,"href":"https:\/\/k-engelhardt.de\/wahnsinn\/wp-json\/wp\/v2\/posts\/414\/revisions"}],"predecessor-version":[{"id":590,"href":"https:\/\/k-engelhardt.de\/wahnsinn\/wp-json\/wp\/v2\/posts\/414\/revisions\/590"}],"wp:attachment":[{"href":"https:\/\/k-engelhardt.de\/wahnsinn\/wp-json\/wp\/v2\/media?parent=414"}],"wp:term":[{"taxonomy":"category","embeddable":true,"href":"https:\/\/k-engelhardt.de\/wahnsinn\/wp-json\/wp\/v2\/categories?post=414"},{"taxonomy":"post_tag","embeddable":true,"href":"https:\/\/k-engelhardt.de\/wahnsinn\/wp-json\/wp\/v2\/tags?post=414"}],"curies":[{"name":"wp","href":"https:\/\/api.w.org\/{rel}","templated":true}]}}