{"id":7940,"date":"2019-11-10T06:00:24","date_gmt":"2019-11-10T05:00:24","guid":{"rendered":"https:\/\/k-engelhardt.de\/knobeleien\/?p=7940"},"modified":"2019-02-03T17:00:49","modified_gmt":"2019-02-03T16:00:49","slug":"die-flaechenvergroesserung-2","status":"publish","type":"post","link":"https:\/\/k-engelhardt.de\/knobeleien\/die-flaechenvergroesserung-2\/","title":{"rendered":"Die Fl\u00e4chenvergr\u00f6\u00dferung"},"content":{"rendered":"\n<img loading=\"lazy\" decoding=\"async\" class=\"alignleft\" style=\"margin: 5px;\" src=\"http:\/\/www.k-engelhardt.de\/knobeleien\/wp-content\/uploads\/2012\/06\/cat-mathe.jpg\" alt=\"\" width=\"150\" height=\"150\" \/>\n\nWenn die L\u00e4nge eines Rechtecks um 10% und die Breite um 40% vergr\u00f6\u00dfert wird, um wieviel Prozent nimmt dann die Gesamtfl\u00e4che zu?<br><br>\n\nIch m\u00f6chte euch den R\u00e4tselspa\u00df nicht nehmen. Darum verrate ich euch die Antwort erst, wenn die Aufgabe gel\u00f6st wurde oder mich jemand per Kommentar darum bittet.\n","protected":false},"excerpt":{"rendered":"<p>Wenn die L\u00e4nge eines Rechtecks um 10% und die Breite um 40% vergr\u00f6\u00dfert wird, um wieviel Prozent nimmt dann die Gesamtfl\u00e4che zu? Ich m\u00f6chte euch den R\u00e4tselspa\u00df nicht nehmen. Darum verrate ich euch die Antwort erst, wenn die Aufgabe gel\u00f6st &hellip; <a href=\"https:\/\/k-engelhardt.de\/knobeleien\/die-flaechenvergroesserung-2\/\">Weiterlesen <span class=\"meta-nav\">&rarr;<\/span><\/a><\/p>\n","protected":false},"author":1,"featured_media":0,"comment_status":"open","ping_status":"open","sticky":false,"template":"","format":"standard","meta":{"footnotes":""},"categories":[8],"tags":[],"class_list":["post-7940","post","type-post","status-publish","format-standard","hentry","category-mathematische-raetsel"],"aioseo_notices":[],"_links":{"self":[{"href":"https:\/\/k-engelhardt.de\/knobeleien\/wp-json\/wp\/v2\/posts\/7940","targetHints":{"allow":["GET"]}}],"collection":[{"href":"https:\/\/k-engelhardt.de\/knobeleien\/wp-json\/wp\/v2\/posts"}],"about":[{"href":"https:\/\/k-engelhardt.de\/knobeleien\/wp-json\/wp\/v2\/types\/post"}],"author":[{"embeddable":true,"href":"https:\/\/k-engelhardt.de\/knobeleien\/wp-json\/wp\/v2\/users\/1"}],"replies":[{"embeddable":true,"href":"https:\/\/k-engelhardt.de\/knobeleien\/wp-json\/wp\/v2\/comments?post=7940"}],"version-history":[{"count":1,"href":"https:\/\/k-engelhardt.de\/knobeleien\/wp-json\/wp\/v2\/posts\/7940\/revisions"}],"predecessor-version":[{"id":7941,"href":"https:\/\/k-engelhardt.de\/knobeleien\/wp-json\/wp\/v2\/posts\/7940\/revisions\/7941"}],"wp:attachment":[{"href":"https:\/\/k-engelhardt.de\/knobeleien\/wp-json\/wp\/v2\/media?parent=7940"}],"wp:term":[{"taxonomy":"category","embeddable":true,"href":"https:\/\/k-engelhardt.de\/knobeleien\/wp-json\/wp\/v2\/categories?post=7940"},{"taxonomy":"post_tag","embeddable":true,"href":"https:\/\/k-engelhardt.de\/knobeleien\/wp-json\/wp\/v2\/tags?post=7940"}],"curies":[{"name":"wp","href":"https:\/\/api.w.org\/{rel}","templated":true}]}}